{"id":26589,"date":"2026-09-03T10:19:26","date_gmt":"2026-09-03T08:19:26","guid":{"rendered":"http:\/\/www.klimabuendnis.lu\/?p=26589"},"modified":"2026-09-03T10:47:44","modified_gmt":"2026-09-03T08:47:44","slug":"fresque-de-la-biodiversite","status":"publish","type":"post","link":"https:\/\/www.klimabuendnis.lu\/fr\/fresque-de-la-biodiversite\/","title":{"rendered":"Fresque de la biodiversit\u00e9"},"content":{"rendered":"<p>Prot\u00e9ger la biodiversit\u00e9 est plus important que jamais\u00a0! Mais quel est le r\u00f4le jou\u00e9 par la biodiversit\u00e9 dans le maintien des \u00e9quilibres naturels\u00a0? Par quoi est-elle menac\u00e9e et au bord de l\u2019effondrement\u00a0?<\/p>\n<p>Pour comprendre cela, nous proposons une \u00ab\u00a0fresque\u00a0\u00bb, c\u00e0d un atelier cr\u00e9atif et collaboratif, visuel et instructif, ludique et scientifique \u00e0 la fois. En petit groupe, vous explorez les r\u00e9seaux tiss\u00e9s par le vivant, vous r\u00e9fl\u00e9chissez ensemble, et vous d\u00e9couvrez les secrets de la biodiversit\u00e9.<\/p>\n<p>Dans le contexte de la conf\u00e9rence internationale CBD-COP sur la biodiversit\u00e9 en octobre \u00e0 Yerevan, il est important pour les citoyen-nes et les acteurs locaux de bien saisir ce qu\u2019est la biodiversit\u00e9 \u2013 cela va bien au-del\u00e0 de la protection de la nature. La pr\u00e9servation de la biodiversit\u00e9 d\u00e9pend de l\u2019\u00e9volution du climat, de l\u2019agriculture et de la mani\u00e8re dont l\u2019humanit\u00e9 pense et (mal)traite la nature \u2013 ce que la fresque vous permettra de mieux comprendre.<\/p>\n<p>Atelier en fran\u00e7ais, de 14h \u00e0 17h, le samedi 12 septembre 2026<br \/>\n\u00e0 la D\u00e4ichhal Ettelbruck, 3, Rue du Deich, Ettelbruck L-9012<br \/>\norganis\u00e9 par Klima-B\u00fcndnis \/ ASTM et ESE<br \/>\ndans le cadre de l\u2019\u00cbmweltfoire Ettelbr\u00e9ck<\/p>\n<p>Participation gratuite, inscription obligatoire\u00a0:<strong><em><a href=\"https:\/\/forms.cloud.microsoft\/e\/9m1vJgjSZ5\"> lien vers formulaire<\/a><\/em><\/strong><\/p>\n","protected":false},"excerpt":{"rendered":"<p>Samedi 12 septembre, dans le cadre de l\u2019\u00cbmweltfoire Ettelbr\u00e9ck, profitez de l\u2019occasion pour participer \u00e0 la fresque de la biodiversit\u00e9.<\/p>\n","protected":false},"author":2,"featured_media":26590,"comment_status":"closed","ping_status":"closed","sticky":false,"template":"","format":"standard","meta":{"mc4wp_mailchimp_campaign":[]},"categories":[1424,1430,1200,1428,1440,1526,1468,1179,1493,1607,1547],"tags":[],"_links":{"self":[{"href":"https:\/\/www.klimabuendnis.lu\/fr\/wp-json\/wp\/v2\/posts\/26589"}],"collection":[{"href":"https:\/\/www.klimabuendnis.lu\/fr\/wp-json\/wp\/v2\/posts"}],"about":[{"href":"https:\/\/www.klimabuendnis.lu\/fr\/wp-json\/wp\/v2\/types\/post"}],"author":[{"embeddable":true,"href":"https:\/\/www.klimabuendnis.lu\/fr\/wp-json\/wp\/v2\/users\/2"}],"replies":[{"embeddable":true,"href":"https:\/\/www.klimabuendnis.lu\/fr\/wp-json\/wp\/v2\/comments?post=26589"}],"version-history":[{"count":8,"href":"https:\/\/www.klimabuendnis.lu\/fr\/wp-json\/wp\/v2\/posts\/26589\/revisions"}],"predecessor-version":[{"id":26608,"href":"https:\/\/www.klimabuendnis.lu\/fr\/wp-json\/wp\/v2\/posts\/26589\/revisions\/26608"}],"wp:featuredmedia":[{"embeddable":true,"href":"https:\/\/www.klimabuendnis.lu\/fr\/wp-json\/wp\/v2\/media\/26590"}],"wp:attachment":[{"href":"https:\/\/www.klimabuendnis.lu\/fr\/wp-json\/wp\/v2\/media?parent=26589"}],"wp:term":[{"taxonomy":"category","embeddable":true,"href":"https:\/\/www.klimabuendnis.lu\/fr\/wp-json\/wp\/v2\/categories?post=26589"},{"taxonomy":"post_tag","embeddable":true,"href":"https:\/\/www.klimabuendnis.lu\/fr\/wp-json\/wp\/v2\/tags?post=26589"}],"curies":[{"name":"wp","href":"https:\/\/api.w.org\/{rel}","templated":true}]}}