{"id":26623,"date":"2026-09-03T16:09:11","date_gmt":"2026-09-03T14:09:11","guid":{"rendered":"http:\/\/www.klimabuendnis.lu\/?p=26623"},"modified":"2026-09-03T16:11:44","modified_gmt":"2026-09-03T14:11:44","slug":"du-7-septembre-au-18-octobre-2026-gogo-velo-se-lance-dans-une-nouvelle-mission-faisons-1-000-tours-a-velo-autour-du-luxembourg","status":"publish","type":"post","link":"https:\/\/www.klimabuendnis.lu\/fr\/du-7-septembre-au-18-octobre-2026-gogo-velo-se-lance-dans-une-nouvelle-mission-faisons-1-000-tours-a-velo-autour-du-luxembourg\/","title":{"rendered":"Du 7 septembre au 18 octobre 2026: GoGo VELO se lance dans une nouvelle mission : \u00abFaisons 1 000 tours \u00e0 v\u00e9lo autour du Luxembourg\u00bb !"},"content":{"rendered":"<p>Apr\u00e8s les r\u00e9sultats exceptionnels de l\u2019\u00e9dition de printemps 2026 (plus de 2100 participant\u00b7e\u00b7s motiv\u00e9\u00b7e\u00b7s ont parcouru pr\u00e8s de deux fois la distance qui s\u00e9pare la Terre de la Lune), la campagne nationale en faveur du v\u00e9lo revient cet automne sur le sol luxembourgeois.<\/p>\n<p>Cette fois-ci, la mission est la suivante : <strong>\u00abFaisons 1 000 tours \u00e0 v\u00e9lo autour du Luxembourg\u00bb ! Ensemble, tous les participants doivent donc parcourir 356 000 km \u00e0 v\u00e9lo.<\/strong> L\u2019objectif principal de la campagne GoGo VELO \u2013 une initiative de ProVelo asbl et de Klima-B\u00fcndnis L\u00ebtzebuerg asbl, avec le soutien du minist\u00e8re de la Mobilit\u00e9 et des Travaux publics \u2013 reste bien s\u00fbr de continuer \u00e0 promouvoir et \u00e0 ancrer le v\u00e9lo comme moyen de transport quotidien.<img loading=\"lazy\" class=\"size-medium wp-image-26614 alignleft\" src=\"https:\/\/www.klimabuendnis.lu\/wp-content\/uploads\/2026\/09\/KBL-Homepage2-300x169.png\" alt=\"\" width=\"300\" height=\"169\" srcset=\"https:\/\/www.klimabuendnis.lu\/wp-content\/uploads\/2026\/09\/KBL-Homepage2-300x169.png 300w, https:\/\/www.klimabuendnis.lu\/wp-content\/uploads\/2026\/09\/KBL-Homepage2.png 760w\" sizes=\"(max-width: 300px) 100vw, 300px\" \/><\/p>\n<p>\u00c0 l&rsquo;automne 2026, tous les participants sont donc \u00e0 nouveau invit\u00e9s \u00e0 utiliser le v\u00e9lo aussi souvent que possible comme moyen de transport au quotidien et pendant leurs loisirs. Pour les motiver, la campagne propose \u00e0 nouveau des d\u00e9fis passionnants qui, s&rsquo;ils sont relev\u00e9s avec succ\u00e8s, permettront aux participants de participer au tirage au sort de superbes lots !<\/p>\n<p>Au niveau national, il y aura notamment \u00e0 gagner des accessoires de v\u00e9lo, des entr\u00e9es gratuites dans des centres de bien-\u00eatre ou encore divers bons d\u2019achat ! En plus des d\u00e9fis nationaux, pas moins de 15 (!) communes et r\u00e9gions ont ajout\u00e9 des d\u00e9fis et des lots suppl\u00e9mentaires \u2013 cela vaut donc vraiment la peine de participer.<\/p>\n<p>Pour participer, il faut t\u00e9l\u00e9charger l\u2019application \u00ab Radbonus \u00bb, dans laquelle les cyclistes s\u2019inscrivent \u00e0 l\u2019aide du code d\u2019acc\u00e8s \u00ab gogovelo \u00bb. Dans un deuxi\u00e8me temps, chacun peut choisir une commune ou une r\u00e9gion pour laquelle il souhaite cumuler des kilom\u00e8tres \u00e0 v\u00e9lo.<\/p>\n<p>Au d\u00e9but de chaque trajet, il suffit de lancer l\u2019application en appuyant sur le bouton de suivi : du 7 septembre au 18 octobre, les kilom\u00e8tres parcourus \u00e0 v\u00e9lo seront alors automatiquement ajout\u00e9s \u00e0 la mission globale et aux d\u00e9fis individuels.<\/p>\n<p><strong>De plus, tous les participants ont la possibilit\u00e9 d\u2019\u00e9valuer l\u2019\u00e9tat des infrastructures cyclables via l\u2019application et de contribuer ainsi \u00e0 leur am\u00e9lioration \u2013 un engagement qui en vaut vraiment la peine !<\/strong><\/p>\n<p>Vous trouverez d\u00e8s \u00e0 pr\u00e9sent de plus amples informations sur la campagne, les sponsors et les lots \u00e0 gagner sur <span style=\"color: #0000ff;\"><a style=\"color: #0000ff;\" href=\"http:\/\/www.gogovelo.lu\">www.gogovelo.lu<\/a><\/span> et dans l\u2019application Radbonus!<\/p>\n<p>&nbsp;<\/p>\n<p><img loading=\"lazy\" class=\"alignnone wp-image-26220\" src=\"https:\/\/www.klimabuendnis.lu\/wp-content\/uploads\/2026\/01\/LOGO_Klima-Buendnis-Letzebuerg_RGB_300dpi-300x178.png\" alt=\"\" width=\"239\" height=\"142\" srcset=\"https:\/\/www.klimabuendnis.lu\/wp-content\/uploads\/2026\/01\/LOGO_Klima-Buendnis-Letzebuerg_RGB_300dpi-300x178.png 300w, https:\/\/www.klimabuendnis.lu\/wp-content\/uploads\/2026\/01\/LOGO_Klima-Buendnis-Letzebuerg_RGB_300dpi-1024x607.png 1024w, https:\/\/www.klimabuendnis.lu\/wp-content\/uploads\/2026\/01\/LOGO_Klima-Buendnis-Letzebuerg_RGB_300dpi-768x456.png 768w, https:\/\/www.klimabuendnis.lu\/wp-content\/uploads\/2026\/01\/LOGO_Klima-Buendnis-Letzebuerg_RGB_300dpi-1536x911.png 1536w, https:\/\/www.klimabuendnis.lu\/wp-content\/uploads\/2026\/01\/LOGO_Klima-Buendnis-Letzebuerg_RGB_300dpi.png 1969w\" sizes=\"(max-width: 239px) 100vw, 239px\" \/><img loading=\"lazy\" class=\"alignnone wp-image-25733\" src=\"https:\/\/www.klimabuendnis.lu\/wp-content\/uploads\/2025\/06\/GOUV_DE_Ministerium_fuer_Mobilitaet__und_oeffentliche_Arbeiten_Rouge-300x79.png\" alt=\"\" width=\"289\" height=\"76\" srcset=\"https:\/\/www.klimabuendnis.lu\/wp-content\/uploads\/2025\/06\/GOUV_DE_Ministerium_fuer_Mobilitaet__und_oeffentliche_Arbeiten_Rouge-300x79.png 300w, https:\/\/www.klimabuendnis.lu\/wp-content\/uploads\/2025\/06\/GOUV_DE_Ministerium_fuer_Mobilitaet__und_oeffentliche_Arbeiten_Rouge-1024x269.png 1024w, https:\/\/www.klimabuendnis.lu\/wp-content\/uploads\/2025\/06\/GOUV_DE_Ministerium_fuer_Mobilitaet__und_oeffentliche_Arbeiten_Rouge-768x202.png 768w, https:\/\/www.klimabuendnis.lu\/wp-content\/uploads\/2025\/06\/GOUV_DE_Ministerium_fuer_Mobilitaet__und_oeffentliche_Arbeiten_Rouge-1536x404.png 1536w, https:\/\/www.klimabuendnis.lu\/wp-content\/uploads\/2025\/06\/GOUV_DE_Ministerium_fuer_Mobilitaet__und_oeffentliche_Arbeiten_Rouge-2048x539.png 2048w\" sizes=\"(max-width: 289px) 100vw, 289px\" \/>\u00a0 \u00a0 \u00a0 \u00a0\u00a0 <img loading=\"lazy\" class=\"alignnone wp-image-26311\" src=\"https:\/\/www.klimabuendnis.lu\/wp-content\/uploads\/2026\/02\/Provelo_Logo_Rund_60mm-1.jpg\" alt=\"\" width=\"96\" height=\"96\" srcset=\"https:\/\/www.klimabuendnis.lu\/wp-content\/uploads\/2026\/02\/Provelo_Logo_Rund_60mm-1.jpg 170w, https:\/\/www.klimabuendnis.lu\/wp-content\/uploads\/2026\/02\/Provelo_Logo_Rund_60mm-1-150x150.jpg 150w\" sizes=\"(max-width: 96px) 100vw, 96px\" \/><\/p>\n","protected":false},"excerpt":{"rendered":"<p>Apr\u00e8s les r\u00e9sultats exceptionnels de l\u2019\u00e9dition de printemps 2026 (plus de 2100 participant\u00b7e\u00b7s motiv\u00e9\u00b7e\u00b7s ont parcouru pr\u00e8s de deux fois la distance qui s\u00e9pare la Terre de la Lune), la campagne nationale en faveur du v\u00e9lo revient cet automne sur le sol luxembourgeois. Cette fois-ci, la mission est la suivante : \u00abFaisons 1 000 tours [&hellip;]<\/p>\n","protected":false},"author":2,"featured_media":0,"comment_status":"closed","ping_status":"closed","sticky":false,"template":"","format":"standard","meta":{"mc4wp_mailchimp_campaign":[]},"categories":[1526,1466,1468,1491],"tags":[],"_links":{"self":[{"href":"https:\/\/www.klimabuendnis.lu\/fr\/wp-json\/wp\/v2\/posts\/26623"}],"collection":[{"href":"https:\/\/www.klimabuendnis.lu\/fr\/wp-json\/wp\/v2\/posts"}],"about":[{"href":"https:\/\/www.klimabuendnis.lu\/fr\/wp-json\/wp\/v2\/types\/post"}],"author":[{"embeddable":true,"href":"https:\/\/www.klimabuendnis.lu\/fr\/wp-json\/wp\/v2\/users\/2"}],"replies":[{"embeddable":true,"href":"https:\/\/www.klimabuendnis.lu\/fr\/wp-json\/wp\/v2\/comments?post=26623"}],"version-history":[{"count":7,"href":"https:\/\/www.klimabuendnis.lu\/fr\/wp-json\/wp\/v2\/posts\/26623\/revisions"}],"predecessor-version":[{"id":26641,"href":"https:\/\/www.klimabuendnis.lu\/fr\/wp-json\/wp\/v2\/posts\/26623\/revisions\/26641"}],"wp:attachment":[{"href":"https:\/\/www.klimabuendnis.lu\/fr\/wp-json\/wp\/v2\/media?parent=26623"}],"wp:term":[{"taxonomy":"category","embeddable":true,"href":"https:\/\/www.klimabuendnis.lu\/fr\/wp-json\/wp\/v2\/categories?post=26623"},{"taxonomy":"post_tag","embeddable":true,"href":"https:\/\/www.klimabuendnis.lu\/fr\/wp-json\/wp\/v2\/tags?post=26623"}],"curies":[{"name":"wp","href":"https:\/\/api.w.org\/{rel}","templated":true}]}}